[{"@context":"https:\/\/schema.org\/","@type":"Article","@id":"https:\/\/www.marbi.cz\/bez-proudu-nemusime-zustat\/#Article","mainEntityOfPage":"https:\/\/www.marbi.cz\/bez-proudu-nemusime-zustat\/","headline":"Bez proudu nemus\u00edme z\u016fstat","name":"Bez proudu nemus\u00edme z\u016fstat","description":"Civilizace si p\u0159\u00edmo \u017e\u00e1d\u00e1 vyu\u017e\u00edv\u00e1n\u00ed elektrick\u00e9 energie. Kdyby t\u00e9to nebylo, ustrnul by se v\u00fdvoj kdesi daleko v minulosti, bez n\u00ed by n\u00e1m chyb\u011bla spousta vymo\u017eenost\u00ed, z nich\u017e u\u017e dnes mnoh\u00e9 pova\u017eujeme vlastn\u011b za naprostou samoz\u0159ejmost. A proto\u017ee bychom se necht\u011bli vr\u00e1tit do stavu, kter\u00fd tu byl p\u0159ed tot\u00e1ln\u00edm roz\u0161\u00ed\u0159en\u00edm pou\u017e\u00edv\u00e1n\u00ed...","datePublished":"2023-04-12","dateModified":"2023-04-12","author":{"@type":"Person","@id":"https:\/\/www.marbi.cz\/author\/#Person","name":"","url":"https:\/\/www.marbi.cz\/author\/","identifier":1,"image":{"@type":"ImageObject","@id":"https:\/\/secure.gravatar.com\/avatar\/232437c79d6ebbb41eb67b1526ce0bc08ee5047d6b1594dc05abcc3258d8e0b3?s=96&d=mm&r=g","url":"https:\/\/secure.gravatar.com\/avatar\/232437c79d6ebbb41eb67b1526ce0bc08ee5047d6b1594dc05abcc3258d8e0b3?s=96&d=mm&r=g","height":96,"width":96}},"publisher":{"@type":"Organization","name":"marbi.cz","logo":{"@type":"ImageObject","@id":"\/logo.png","url":"\/logo.png","width":600,"height":60}},"image":{"@type":"ImageObject","@id":"https:\/\/www.marbi.cz\/wp-content\/uploads\/eee_1.jpg","url":"https:\/\/www.marbi.cz\/wp-content\/uploads\/eee_1.jpg","height":0,"width":0},"url":"https:\/\/www.marbi.cz\/bez-proudu-nemusime-zustat\/","about":["Nakupov\u00e1n\u00ed"],"wordCount":388,"articleBody":"   Civilizace si p\u0159\u00edmo \u017e\u00e1d\u00e1 vyu\u017e\u00edv\u00e1n\u00ed elektrick\u00e9 energie. Kdyby t\u00e9to nebylo, ustrnul by se v\u00fdvoj kdesi daleko v minulosti, bez n\u00ed by n\u00e1m chyb\u011bla spousta vymo\u017eenost\u00ed, z nich\u017e u\u017e dnes mnoh\u00e9 pova\u017eujeme vlastn\u011b za naprostou samoz\u0159ejmost. A proto\u017ee bychom se necht\u011bli vr\u00e1tit do stavu, kter\u00fd tu byl p\u0159ed tot\u00e1ln\u00edm roz\u0161\u00ed\u0159en\u00edm pou\u017e\u00edv\u00e1n\u00ed elekt\u0159iny, mus\u00edme akceptovat mimo jin\u00e9 i to, \u017ee je nutno platit dodavatel\u016fm proudu za jejich slu\u017eby. A to navzdory tomu, \u017ee se n\u00e1m v posledn\u00ed dob\u011b ceny elekt\u0159iny ani trochu nel\u00edb\u00ed.Elekt\u0159ina u n\u00e1s prost\u011b neskute\u010dn\u011b podra\u017eila, ale my se od n\u00ed p\u0159esto nem\u016f\u017eeme jednodu\u0161e od\u0159\u00edznout. Na rozd\u00edl od spousty jin\u00e9ho zbo\u017e\u00ed u n\u00ed toti\u017e nelze \u0159\u00edci, \u017ee je p\u0159\u00edli\u0161 drah\u00e1 a \u017ee ji tedy kreativn\u011b nahrad\u00edme n\u011b\u010d\u00edm jin\u00fdm. Elekt\u0159inu toti\u017e ni\u010d\u00edm relativn\u011b podobn\u00fdm nahradit nelze.A tak plat\u00edme i takov\u00e9 \u00fa\u010dty, nad nimi\u017e se n\u00e1m p\u0159\u00edmo prot\u00e1\u010dej\u00ed panenky. Akceptujeme t\u0159eba i neakceptovateln\u00e9 ceny. Pokud tedy nev\u00edme, jak na tuto nep\u0159\u00edjemnou situaci vyzr\u00e1t.A d\u00e1 se na ni vlastn\u011b n\u011bjak vyzr\u00e1t? V\u011b\u0159te mi, \u017ee d\u00e1. Existuje toti\u017e i sol\u00e1rn\u00ed alternativa. M\u016f\u017eeme si prost\u011b sehnat sol\u00e1rn\u00ed panely, nechat si je u sebe nainstalovat, a a\u0165 u\u017e potom pou\u017e\u00edv\u00e1 sol\u00e1rn\u00ed panely Brno nebo kter\u00e1koliv jin\u00e1 lokalita, jedno je jist\u00e9. A to skute\u010dnost, \u017ee elektrick\u00e1 energie z\u00edsk\u00e1van\u00e1 v t\u011bchto ze slune\u010dn\u00ed energie je zaru\u010den\u011b v\u00fdhodn\u00e1. Je toti\u017e bezplatn\u00e1. Jakmile m\u00e1me sol\u00e1rn\u00ed panely, neplat\u00edme nic ani t\u011bmto, ani slunci. Plat\u00edme jenom jednou, a to kdy\u017e si tyto panely po\u0159izujeme. A pak u\u017e jenom skl\u00edz\u00edme plody takov\u00e9 investice.A zast\u00e1v\u00e1te-li tedy i vy n\u00e1zor, \u017ee je dnes elekt\u0159ina ne\u00fanosn\u011b drah\u00e1, poj\u010fte vsadit na sol\u00e1rn\u00ed panely tak\u00e9. Z\u00edsk\u00e1te d\u00edky tomu mo\u017enost u\u0161et\u0159it, ani\u017e byste se museli ve spot\u0159eb\u011b elekt\u0159iny citeln\u011b omezovat. A bude v\u00e1m vlastn\u011b naprosto jedno, co si dodavatelsk\u00e9 firmy \u00fa\u010dtuj\u00ed.Nad vlastn\u00ed elekt\u0159inu prost\u011b nen\u00ed. A nebude.                                                                                                                                                                                                                                                                                                                                                                                          5\/5 - (2 votes)        "},{"@context":"https:\/\/schema.org\/","@type":"BreadcrumbList","itemListElement":[{"@type":"ListItem","position":1,"name":"Bez proudu nemus\u00edme z\u016fstat","item":"https:\/\/www.marbi.cz\/bez-proudu-nemusime-zustat\/#breadcrumbitem"}]}]