[{"@context":"https:\/\/schema.org\/","@type":"Article","@id":"https:\/\/www.marbi.cz\/cerna-perla-brazilskeho-fotbalu\/#Article","mainEntityOfPage":"https:\/\/www.marbi.cz\/cerna-perla-brazilskeho-fotbalu\/","headline":"\u010cern\u00e1 perla brazilsk\u00e9ho fotbalu","name":"\u010cern\u00e1 perla brazilsk\u00e9ho fotbalu","description":"Legend\u00e1rn\u00ed hr\u00e1\u010d, synonymum pro fotbalovou eleganci, nejz\u00e1\u0159iv\u011bj\u0161\u00ed jm\u00e9no minulosti \u2013 to v\u0161e a mnohem v\u00edc je Pel\u00e9. Pades\u00e1t\u00e1, \u0161edes\u00e1t\u00e1 a sedmdes\u00e1t\u00e1 l\u00e9ta pat\u0159ila tomuto talentu, jen\u017e se vlastn\u00edm jm\u00e9nem jmenuje Edeson Arantes do Nascimento. Narodil se v\u00a0m\u011bste\u010dku Tres Coracoes v\u00a0brazilsk\u00e9m st\u00e1t\u011b Minas Gerais. Jak b\u00fdv\u00e1 u m\u00edstn\u00edch hv\u011bzdn\u00fdch hr\u00e1\u010d\u016f \u201edobr\u00fdm...","datePublished":"2020-01-04","dateModified":"2020-01-04","author":{"@type":"Person","@id":"https:\/\/www.marbi.cz\/author\/#Person","name":"","url":"https:\/\/www.marbi.cz\/author\/","identifier":1,"image":{"@type":"ImageObject","@id":"https:\/\/secure.gravatar.com\/avatar\/232437c79d6ebbb41eb67b1526ce0bc08ee5047d6b1594dc05abcc3258d8e0b3?s=96&d=mm&r=g","url":"https:\/\/secure.gravatar.com\/avatar\/232437c79d6ebbb41eb67b1526ce0bc08ee5047d6b1594dc05abcc3258d8e0b3?s=96&d=mm&r=g","height":96,"width":96}},"publisher":{"@type":"Organization","name":"marbi.cz","logo":{"@type":"ImageObject","@id":"\/logo.png","url":"\/logo.png","width":600,"height":60}},"image":{"@type":"ImageObject","@id":"https:\/\/www.marbi.cz\/wp-content\/uploads\/img_a349011_w2419_t1563721918.jpg","url":"https:\/\/www.marbi.cz\/wp-content\/uploads\/img_a349011_w2419_t1563721918.jpg","height":0,"width":0},"url":"https:\/\/www.marbi.cz\/cerna-perla-brazilskeho-fotbalu\/","wordCount":412,"articleBody":"Legend\u00e1rn\u00ed hr\u00e1\u010d, synonymum pro fotbalovou eleganci, nejz\u00e1\u0159iv\u011bj\u0161\u00ed jm\u00e9no minulosti \u2013 to v\u0161e a mnohem v\u00edc je Pel\u00e9. Pades\u00e1t\u00e1, \u0161edes\u00e1t\u00e1 a sedmdes\u00e1t\u00e1 l\u00e9ta pat\u0159ila tomuto talentu, jen\u017e se vlastn\u00edm jm\u00e9nem jmenuje Edeson Arantes do Nascimento.\tNarodil se v\u00a0m\u011bste\u010dku Tres Coracoes v\u00a0brazilsk\u00e9m st\u00e1t\u011b Minas Gerais. Jak b\u00fdv\u00e1 u m\u00edstn\u00edch hv\u011bzdn\u00fdch hr\u00e1\u010d\u016f \u201edobr\u00fdm zvykem\u201c, poch\u00e1zel z\u00a0pom\u011brn\u011b chud\u00fdch pom\u011br\u016f. Ml\u00e1d\u00ed tr\u00e1vil na improvizovan\u00fdch h\u0159i\u0161t\u00edch, pozd\u011bji jej otec nechal registrovat do klubu v\u00a0Bauru nedaleko Sao Paula. Zdej\u0161\u00ed tren\u00e9\u0159i ml\u00e1de\u017ee brzy rozpoznali, \u017ee p\u0159ed nimi b\u011bh\u00e1 nesm\u00edrn\u00fd talent a doporu\u010dili jej nejv\u011bt\u0161\u00edmu klubu v\u00a0oblasti FC Santos. Pr\u00e1v\u011b zde ud\u011blal i sv\u00e9 prvn\u00ed profesion\u00e1ln\u00ed kr\u016f\u010dky.\tV\u00a0necel\u00fdch \u0161estn\u00e1cti letech nastoupil jako st\u0159\u00eddaj\u00edc\u00ed hr\u00e1\u010d proti t\u00fdmu Corinthians a ihned se mu poda\u0159ilo vs\u00edtit branku. Nikdo tenkr\u00e1t netu\u0161il, \u017ee se pr\u00e1v\u011b spustila lavina, kter\u00e1 se na konci jeho kari\u00e9ry zastavila na neskute\u010dn\u00e9m \u010d\u00edslu 1\u00a0284 g\u00f3l\u016f!\tV\u00a0Santosu str\u00e1vil v\u011bt\u0161inu sv\u00e9 kari\u00e9ry, hr\u00e1l zde od roku 1956 a\u017e do l\u00e9ta 1974. V\u00a0tomto roce poprv\u00e9 ukon\u010dil kari\u00e9ru, ale pak si ji je\u0161t\u011b o t\u0159i roky prodlou\u017eil, kdy\u017e p\u0159es\u00eddlil na severoamerick\u00fd kontinent, konkr\u00e9tn\u011b do t\u00fdmu New York Cosmos. P\u0159esto\u017ee o n\u011bj byl Obrovsk\u00fd z\u00e1jem v\u00a0Evrop\u011b, dal Pel\u00e9 p\u0159ednost zn\u00e1m\u00e9mu prost\u0159ed\u00ed a je tak patrn\u011b jedn\u00edm z\u00a0nejloaj\u00e1ln\u011bj\u0161\u00edch fotbalist\u016f na top \u00farovni.\tOku evropsk\u00e9ho div\u00e1ka se tak ukazoval jen sporadicky \u2013 prost\u0159ednictv\u00edm mezin\u00e1rodn\u00edch akc\u00ed. Ji\u017e v\u00a016 letech se dostal do n\u00e1rodn\u00edho t\u00fdmu a reprezentoval neuv\u011b\u0159iteln\u00fdch 15 let. Odehr\u00e1l 92 z\u00e1pas\u016f a vs\u00edtil v\u00a0dresu Kan\u00e1rk\u016f 77 branek. S\u00a0reprezenta\u010dn\u00edm v\u00fdb\u011brem z\u00edskal titul mistra sv\u011bta na t\u0159ech po sob\u011b jdouc\u00edch sv\u011btov\u00fdch \u0161ampion\u00e1tech (1958, 1962 a 1970). V\u00a0roce 1962 v\u0161ak chyb\u011bl ve fin\u00e1lov\u00e9m z\u00e1pase proti \u010ceskoslovensku, nebo\u00b4t se v\u00a0pr\u016fb\u011bhu p\u0159edchoz\u00edch boj\u016f zranil.\tPo skon\u010den\u00ed aktivn\u00ed kari\u00e9ry se stal nap\u0159\u00edklad filmovou hv\u011bzdou. Byl tak\u00e9 a\u017e do roku 1998 brazilsk\u00fdm ministrem sportu.                                                                                                                                                                                                                                                                                                                                                                                        4.2\/5 - (9 votes)        "},{"@context":"https:\/\/schema.org\/","@type":"BreadcrumbList","itemListElement":[{"@type":"ListItem","position":1,"name":"\u010cern\u00e1 perla brazilsk\u00e9ho fotbalu","item":"https:\/\/www.marbi.cz\/cerna-perla-brazilskeho-fotbalu\/#breadcrumbitem"}]}]