[{"@context":"https:\/\/schema.org\/","@type":"Article","@id":"https:\/\/www.marbi.cz\/krasne-kuchyne-do-u\/#Article","mainEntityOfPage":"https:\/\/www.marbi.cz\/krasne-kuchyne-do-u\/","headline":"Kr\u00e1sn\u00e9 kuchyn\u011b do U","name":"Kr\u00e1sn\u00e9 kuchyn\u011b do U","description":"M\u00e1te tak\u00e9 kuchyni do U? Pokud ano, tak v\u00edte, \u017ee je to naprost\u00e1 bomba! Skv\u011ble rozm\u00edst\u011bn\u00fd pracovn\u00ed prostor a plocha a tolik m\u00edsta. Ach tolik m\u00edsta! Pracovn\u00ed deska, je tak velk\u00e1, \u017ee klidn\u011b m\u016f\u017eete va\u0159it ve dvou, nebo do va\u0159en\u00ed zapojit klidn\u011b i d\u011bti! Pokud na to doma m\u00e1te m\u00edsto,...","datePublished":"2025-01-19","dateModified":"2025-01-19","author":{"@type":"Person","@id":"https:\/\/www.marbi.cz\/author\/#Person","name":"","url":"https:\/\/www.marbi.cz\/author\/","identifier":1,"image":{"@type":"ImageObject","@id":"https:\/\/secure.gravatar.com\/avatar\/232437c79d6ebbb41eb67b1526ce0bc08ee5047d6b1594dc05abcc3258d8e0b3?s=96&d=mm&r=g","url":"https:\/\/secure.gravatar.com\/avatar\/232437c79d6ebbb41eb67b1526ce0bc08ee5047d6b1594dc05abcc3258d8e0b3?s=96&d=mm&r=g","height":96,"width":96}},"publisher":{"@type":"Organization","name":"marbi.cz","logo":{"@type":"ImageObject","@id":"\/logo.png","url":"\/logo.png","width":600,"height":60}},"image":{"@type":"ImageObject","@id":"https:\/\/www.marbi.cz\/wp-content\/uploads\/kitchen-8385195_640_2.jpg","url":"https:\/\/www.marbi.cz\/wp-content\/uploads\/kitchen-8385195_640_2.jpg","height":0,"width":0},"url":"https:\/\/www.marbi.cz\/krasne-kuchyne-do-u\/","about":["L\u00e1ska"],"wordCount":440,"articleBody":"       M\u00e1te tak\u00e9 kuchyni do U? Pokud ano, tak v\u00edte, \u017ee je to naprost\u00e1 bomba! Skv\u011ble rozm\u00edst\u011bn\u00fd pracovn\u00ed prostor a plocha a tolik m\u00edsta. Ach tolik m\u00edsta! Pracovn\u00ed deska, je tak velk\u00e1, \u017ee klidn\u011b m\u016f\u017eete va\u0159it ve dvou, nebo do va\u0159en\u00ed zapojit klidn\u011b i d\u011bti! Pokud na to doma m\u00e1te m\u00edsto, tak modern\u00ed kuchyn\u011b do U jsou naprost\u00e1 bomba, nebo tedy alespo\u0148 m\u011b se to opravdu l\u00edb\u00ed. Sta\u010d\u00ed si u\u017e jen vybrat barvu a materi\u00e1l \u017ee? Ur\u010dit\u011b m\u00e1te svou vysn\u011bnou kuchyni. J\u00e1 t\u0159eba m\u00e1m moc kr\u00e1snou kuchyni v na\u0161em byt\u011b. Je takov\u00e1 tmav\u011b \u0161ed\u00e1 a matn\u00e1. Dopl\u0148ky v kuchyni jsou \u010dern\u00e9.Tato kuchyn\u011b je velice kr\u00e1sn\u00e1, jedin\u00e1 mal\u00e1 nev\u00fdhoda je opravdu to, je tam vid\u011bt ka\u017ed\u00fd prach a ka\u017ed\u00e1 \u0161mouha. To tak ale, je, ale jinak je to prost\u011b n\u00e1dhera. Druh\u00e1 moje mo\u017enost byla tak\u00e9 leskl\u00e1 b\u00edl\u00e1 se sv\u011btl\u00fdm d\u0159evem, to se mi tak\u00e9 moc l\u00edb\u00ed, ale p\u0159izn\u00e1m se, \u017ee mi v\u00edce vyhovovala i ta \u010dern\u00e1 pr\u00e1v\u011b z d\u016fvodu, \u017ee se te\u010f l\u00e9pe sh\u00e1n\u011bj\u00ed \u010dern\u00e9 dopl\u0148ky do kuchyn\u00ed. U za\u0159izov\u00e1n\u00ed kuchyn\u011b doporu\u010duji stanovit si n\u011bjak\u00fd finan\u010dn\u00ed rozpo\u010det a zkusit na t\u00e9 kuchyni moc ne\u0161et\u0159it, proto\u017ee je to m\u00edstnost, kter\u00e1 je hojn\u011b vyu\u017e\u00edvateln\u00e1 a \u010dasem bude tak\u00e9 doch\u00e1zet k n\u011bjak\u00e9mu opot\u0159eben\u00ed.Proto se sna\u017ete ne\u0161et\u0159it t\u0159eba pr\u00e1v\u011b na pracovn\u00ed desce, nebo tak\u00e9 na spot\u0159ebi\u010d\u00edch, kter\u00e9 jsou opravdu pot\u0159eba m\u00edt je kvalitn\u00ed, proto\u017ee ne v\u017edy je to s nimi tak lehk\u00e9. V\u0161ak v\u00edte, jak je to s tou elektronikou \u017ee? A tak\u00e9, j\u00e1 osobn\u011b pot\u0159ebuji m\u00edt v kuchyni je\u0161t\u011b kvalitn\u00ed k\u00e1vovar, kter\u00fd nav\u00edc ocen\u00ed i n\u00e1v\u0161t\u011bva, proto\u017ee bez kvalitn\u00ed k\u00e1vy to podle m\u011b prost\u011b nejde. A jak to m\u00e1te vy? M\u00e1te rad\u0161i k\u00e1vu, nebo si t\u0159eba p\u0159iplat\u00edte za skv\u011blou konvici na \u010daj, kter\u00e1 v\u00e1m dokonce uk\u00e1\u017ee i na kolik stup\u0148\u016f je uva\u0159en\u00e1 voda? J\u00e1 m\u00e1m kvalitn\u00ed k\u00e1vovar, do \u010dern\u00e9 barvy, tak\u017ee se mi do kuchyn\u011b kr\u00e1sn\u00e9 hod\u00ed. Kuchyni do U bohu\u017eel nem\u00e1m, proto\u017ee mi to nedovolil prostor, ale m\u00edt v\u00edce prostoru tak ur\u010dit\u011b vol\u00edm kuchyni do U, nejl\u00e9pe s n\u011bjak\u00fdm modern\u00edm ostr\u016fvkem!                                                                                                                                                                                                                                                                                                                                                                                          4.1\/5 - (10 votes)        "},{"@context":"https:\/\/schema.org\/","@type":"BreadcrumbList","itemListElement":[{"@type":"ListItem","position":1,"name":"Kr\u00e1sn\u00e9 kuchyn\u011b do U","item":"https:\/\/www.marbi.cz\/krasne-kuchyne-do-u\/#breadcrumbitem"}]}]