[{"@context":"https:\/\/schema.org\/","@type":"Article","@id":"https:\/\/www.marbi.cz\/na-firemni-loga-jsme-specialiste-my\/#Article","mainEntityOfPage":"https:\/\/www.marbi.cz\/na-firemni-loga-jsme-specialiste-my\/","headline":"Na firemn\u00ed loga jsme specialist\u00e9 my","name":"Na firemn\u00ed loga jsme specialist\u00e9 my","description":"Je jasnou v\u011bc\u00ed, \u017ee ka\u017ed\u00e1 spole\u010dnost pot\u0159ebuje takov\u00e9 firemn\u00ed logo, kter\u00e9 bude origin\u00e1ln\u00ed, n\u00e1padn\u00e9 a ka\u017ed\u00fd si ho zapamatuje. Dnes je na trhu mnoho spole\u010dnost\u00ed a vymyslet s\u00e1m n\u011bco takov\u00e9ho nen\u00ed doopravdy v\u016fbec jednoduch\u00e9. Jestli i vy \u0159e\u0161\u00edte takov\u00fdto probl\u00e9m a chcete naj\u00edt spole\u010dnost, kter\u00e9 se d\u00e1 ve v\u0161em d\u016fv\u011b\u0159ovat,...","datePublished":"2023-12-23","dateModified":"2023-12-23","author":{"@type":"Person","@id":"https:\/\/www.marbi.cz\/author\/#Person","name":"","url":"https:\/\/www.marbi.cz\/author\/","identifier":1,"image":{"@type":"ImageObject","@id":"https:\/\/secure.gravatar.com\/avatar\/232437c79d6ebbb41eb67b1526ce0bc08ee5047d6b1594dc05abcc3258d8e0b3?s=96&d=mm&r=g","url":"https:\/\/secure.gravatar.com\/avatar\/232437c79d6ebbb41eb67b1526ce0bc08ee5047d6b1594dc05abcc3258d8e0b3?s=96&d=mm&r=g","height":96,"width":96}},"publisher":{"@type":"Organization","name":"marbi.cz","logo":{"@type":"ImageObject","@id":"\/logo.png","url":"\/logo.png","width":600,"height":60}},"url":"https:\/\/www.marbi.cz\/na-firemni-loga-jsme-specialiste-my\/","wordCount":249,"articleBody":"Je jasnou v\u011bc\u00ed, \u017ee ka\u017ed\u00e1 spole\u010dnost pot\u0159ebuje takov\u00e9 firemn\u00ed logo, kter\u00e9 bude origin\u00e1ln\u00ed, n\u00e1padn\u00e9 a ka\u017ed\u00fd si ho zapamatuje. Dnes je na trhu mnoho spole\u010dnost\u00ed a vymyslet s\u00e1m n\u011bco takov\u00e9ho nen\u00ed doopravdy v\u016fbec jednoduch\u00e9. Jestli i vy \u0159e\u0161\u00edte takov\u00fdto probl\u00e9m a chcete naj\u00edt spole\u010dnost, kter\u00e9 se d\u00e1 ve v\u0161em d\u016fv\u011b\u0159ovat, specializuje se na tento obor mnoho let a v\u00ed, jak v\u00e1m pomoci, nev\u00e1hejte a kontaktujte n\u00e1s. V\u00edme, jak v\u0161em z\u00e1kazn\u00edk\u016fm pomoci a poradit, jak je to jen mo\u017en\u00e9 a nemus\u00edte se s\u00a0n\u00e1mi d\u00edky tomu ni\u010deho b\u00e1t. I to je jeden z\u00a0mnoha d\u016fvod\u016f, pro\u010d se na n\u00e1s obr\u00e1tila \u0159ada lid\u00ed po cel\u00e9m \u010cesku, a pokud se k\u00a0nim p\u0159ipoj\u00edte, budete spokojen\u00ed.Na v\u0161em se s\u00a0v\u00e1mi budeme raditJe jasn\u00e9, \u017ee ka\u017ed\u00e1 spole\u010dnost m\u00e1 o tom, jak by m\u011blo jej\u00ed logo vypadat svou vizi. V\u017edy se s\u00a0v\u00e1mi na v\u0161em dohodneme a porad\u00edme a vy si tak s\u00a0n\u00e1mi budete jist\u00ed t\u00edm, \u017ee v\u0161echna va\u0161e p\u0159\u00e1n\u00ed budou spln\u011bna. I proto jsme vyhl\u00e1\u0161en\u00fd partnerem, na kter\u00e9ho se spolehnula u\u017e \u0159ada lid\u00ed. P\u0159ipojte se k\u00a0nim i vy a jist\u011b v\u00e1m bude v\u0161e tak\u00e9 vyhovovat na sto procent.                                                                                                                                                                                                                                                                                                                                                                                        4.3\/5 - (13 votes)        "},{"@context":"https:\/\/schema.org\/","@type":"BreadcrumbList","itemListElement":[{"@type":"ListItem","position":1,"name":"Na firemn\u00ed loga jsme specialist\u00e9 my","item":"https:\/\/www.marbi.cz\/na-firemni-loga-jsme-specialiste-my\/#breadcrumbitem"}]}]