[{"@context":"https:\/\/schema.org\/","@type":"Blog","@id":"https:\/\/www.marbi.cz#Blog","headline":"Marbi","description":"\nJestli hled\u00e1te web, na kter\u00e9m se v\u00e1m nab\u00edz\u00ed jen to nejlep\u0161\u00ed, a navrch za ceny co nejv\u00fdhodn\u011bj\u0161\u00ed, u\u017e v\u00edce nehledejte a rovnou zami\u0159te na n\u00e1\u0161 web.","url":"https:\/\/www.marbi.cz","hasPart":[{"@type":"Article","@id":"https:\/\/www.marbi.cz\/tvorba-webu-litomysl\/","headline":"Tvorba webu Litomy\u0161l","url":"https:\/\/www.marbi.cz\/tvorba-webu-litomysl\/","datePublished":"2021-02-16","dateModified":"2021-02-16","mainEntityOfPage":"https:\/\/www.marbi.cz\/tvorba-webu-litomysl\/","author":{"@type":"Person","@id":"https:\/\/www.marbi.cz\/author\/#Person","name":"","url":"https:\/\/www.marbi.cz\/author\/","identifier":1,"image":{"@type":"ImageObject","@id":"https:\/\/secure.gravatar.com\/avatar\/232437c79d6ebbb41eb67b1526ce0bc08ee5047d6b1594dc05abcc3258d8e0b3?s=96&d=mm&r=g","url":"https:\/\/secure.gravatar.com\/avatar\/232437c79d6ebbb41eb67b1526ce0bc08ee5047d6b1594dc05abcc3258d8e0b3?s=96&d=mm&r=g","height":96,"width":96}},"publisher":{"@type":"Organization","name":"marbi.cz","logo":{"@type":"ImageObject","@id":"\/logo.png","url":"\/logo.png","width":600,"height":60}},"image":{"@type":"ImageObject","@id":"https:\/\/www.marbi.cz\/wp-content\/uploads\/m%C4%9Bsto%20Litomy%C5%A1l.PNG","url":"https:\/\/www.marbi.cz\/wp-content\/uploads\/m%C4%9Bsto%20Litomy%C5%A1l.PNG","height":0,"width":0},"wordCount":801,"keywords":null},{"@type":"Article","@id":"https:\/\/www.marbi.cz\/vdavat-a-zenit-se-je-prirozene\/","headline":"Vd\u00e1vat a \u017eenit se je p\u0159irozen\u00e9","url":"https:\/\/www.marbi.cz\/vdavat-a-zenit-se-je-prirozene\/","datePublished":"2021-02-16","dateModified":"2021-02-16","mainEntityOfPage":"https:\/\/www.marbi.cz\/vdavat-a-zenit-se-je-prirozene\/","author":{"@type":"Person","@id":"https:\/\/www.marbi.cz\/author\/#Person","name":"","url":"https:\/\/www.marbi.cz\/author\/","identifier":1,"image":{"@type":"ImageObject","@id":"https:\/\/secure.gravatar.com\/avatar\/232437c79d6ebbb41eb67b1526ce0bc08ee5047d6b1594dc05abcc3258d8e0b3?s=96&d=mm&r=g","url":"https:\/\/secure.gravatar.com\/avatar\/232437c79d6ebbb41eb67b1526ce0bc08ee5047d6b1594dc05abcc3258d8e0b3?s=96&d=mm&r=g","height":96,"width":96}},"publisher":{"@type":"Organization","name":"marbi.cz","logo":{"@type":"ImageObject","@id":"\/logo.png","url":"\/logo.png","width":600,"height":60}},"image":{"@type":"ImageObject","@id":"https:\/\/www.marbi.cz\/wp-content\/uploads\/zamilovan%C3%A1%20dvojice.jpg","url":"https:\/\/www.marbi.cz\/wp-content\/uploads\/zamilovan%C3%A1%20dvojice.jpg","height":0,"width":0},"wordCount":591,"keywords":null},{"@type":"Article","@id":"https:\/\/www.marbi.cz\/reklamni-agentura-pro-vas\/","headline":"Reklamn\u00ed agentura pro V\u00e1s","url":"https:\/\/www.marbi.cz\/reklamni-agentura-pro-vas\/","datePublished":"2020-09-16","dateModified":"2020-09-16","mainEntityOfPage":"https:\/\/www.marbi.cz\/reklamni-agentura-pro-vas\/","author":{"@type":"Person","@id":"https:\/\/www.marbi.cz\/author\/#Person","name":"","url":"https:\/\/www.marbi.cz\/author\/","identifier":1,"image":{"@type":"ImageObject","@id":"https:\/\/secure.gravatar.com\/avatar\/232437c79d6ebbb41eb67b1526ce0bc08ee5047d6b1594dc05abcc3258d8e0b3?s=96&d=mm&r=g","url":"https:\/\/secure.gravatar.com\/avatar\/232437c79d6ebbb41eb67b1526ce0bc08ee5047d6b1594dc05abcc3258d8e0b3?s=96&d=mm&r=g","height":96,"width":96}},"publisher":{"@type":"Organization","name":"marbi.cz","logo":{"@type":"ImageObject","@id":"\/logo.png","url":"\/logo.png","width":600,"height":60}},"image":{"@type":"ImageObject","@id":"https:\/\/www.marbi.cz\/wp-content\/uploads\/porada,%20lid%C3%A9%20u%20po%C4%8D%C3%ADta%C4%8D%C5%AF.jpeg","url":"https:\/\/www.marbi.cz\/wp-content\/uploads\/porada,%20lid%C3%A9%20u%20po%C4%8D%C3%ADta%C4%8D%C5%AF.jpeg","height":0,"width":0},"wordCount":546,"keywords":null},{"@type":"Article","@id":"https:\/\/www.marbi.cz\/pro-navstevnost-stranek-udelejte-maximum\/","headline":"Pro n\u00e1v\u0161t\u011bvnost str\u00e1nek ud\u011blejte maximum","url":"https:\/\/www.marbi.cz\/pro-navstevnost-stranek-udelejte-maximum\/","datePublished":"2020-09-07","dateModified":"2020-09-07","mainEntityOfPage":"https:\/\/www.marbi.cz\/pro-navstevnost-stranek-udelejte-maximum\/","author":{"@type":"Person","@id":"https:\/\/www.marbi.cz\/author\/#Person","name":"","url":"https:\/\/www.marbi.cz\/author\/","identifier":1,"image":{"@type":"ImageObject","@id":"https:\/\/secure.gravatar.com\/avatar\/232437c79d6ebbb41eb67b1526ce0bc08ee5047d6b1594dc05abcc3258d8e0b3?s=96&d=mm&r=g","url":"https:\/\/secure.gravatar.com\/avatar\/232437c79d6ebbb41eb67b1526ce0bc08ee5047d6b1594dc05abcc3258d8e0b3?s=96&d=mm&r=g","height":96,"width":96}},"publisher":{"@type":"Organization","name":"marbi.cz","logo":{"@type":"ImageObject","@id":"\/logo.png","url":"\/logo.png","width":600,"height":60}},"image":{"@type":"ImageObject","@id":"https:\/\/www.marbi.cz\/wp-content\/uploads\/Optimalizace%20pro%20vyhled%C3%A1va%C4%8De_1.jpg","url":"https:\/\/www.marbi.cz\/wp-content\/uploads\/Optimalizace%20pro%20vyhled%C3%A1va%C4%8De_1.jpg","height":0,"width":0},"wordCount":662,"keywords":null},{"@type":"Article","@id":"https:\/\/www.marbi.cz\/sverte-vanocni-uklid-tem-ktere-to-bavi\/","headline":"Sv\u011b\u0159te v\u00e1no\u010dn\u00ed \u00faklid t\u011bm, kter\u00e9 to bav\u00ed","url":"https:\/\/www.marbi.cz\/sverte-vanocni-uklid-tem-ktere-to-bavi\/","datePublished":"2020-02-18","dateModified":"2020-02-18","mainEntityOfPage":"https:\/\/www.marbi.cz\/sverte-vanocni-uklid-tem-ktere-to-bavi\/","author":{"@type":"Person","@id":"https:\/\/www.marbi.cz\/author\/#Person","name":"","url":"https:\/\/www.marbi.cz\/author\/","identifier":1,"image":{"@type":"ImageObject","@id":"https:\/\/secure.gravatar.com\/avatar\/232437c79d6ebbb41eb67b1526ce0bc08ee5047d6b1594dc05abcc3258d8e0b3?s=96&d=mm&r=g","url":"https:\/\/secure.gravatar.com\/avatar\/232437c79d6ebbb41eb67b1526ce0bc08ee5047d6b1594dc05abcc3258d8e0b3?s=96&d=mm&r=g","height":96,"width":96}},"publisher":{"@type":"Organization","name":"marbi.cz","logo":{"@type":"ImageObject","@id":"\/logo.png","url":"\/logo.png","width":600,"height":60}},"image":{"@type":"ImageObject","@id":"https:\/\/www.marbi.cz\/wp-content\/uploads\/img_a380201_w3068_t1591700360.jpg","url":"https:\/\/www.marbi.cz\/wp-content\/uploads\/img_a380201_w3068_t1591700360.jpg","height":0,"width":0},"wordCount":506,"keywords":null},{"@type":"Article","@id":"https:\/\/www.marbi.cz\/existuje-trh-pro-plastove-obalky\/","headline":"Existuje trh pro plastov\u00e9 ob\u00e1lky?","url":"https:\/\/www.marbi.cz\/existuje-trh-pro-plastove-obalky\/","datePublished":"2020-01-26","dateModified":"2020-01-26","mainEntityOfPage":"https:\/\/www.marbi.cz\/existuje-trh-pro-plastove-obalky\/","author":{"@type":"Person","@id":"https:\/\/www.marbi.cz\/author\/#Person","name":"","url":"https:\/\/www.marbi.cz\/author\/","identifier":1,"image":{"@type":"ImageObject","@id":"https:\/\/secure.gravatar.com\/avatar\/232437c79d6ebbb41eb67b1526ce0bc08ee5047d6b1594dc05abcc3258d8e0b3?s=96&d=mm&r=g","url":"https:\/\/secure.gravatar.com\/avatar\/232437c79d6ebbb41eb67b1526ce0bc08ee5047d6b1594dc05abcc3258d8e0b3?s=96&d=mm&r=g","height":96,"width":96}},"publisher":{"@type":"Organization","name":"marbi.cz","logo":{"@type":"ImageObject","@id":"\/logo.png","url":"\/logo.png","width":600,"height":60}},"image":{"@type":"ImageObject","@id":"https:\/\/www.marbi.cz\/wp-content\/uploads\/img_a373606_w1899_t1585053756.png","url":"https:\/\/www.marbi.cz\/wp-content\/uploads\/img_a373606_w1899_t1585053756.png","height":0,"width":0},"wordCount":573,"keywords":null},{"@type":"Article","@id":"https:\/\/www.marbi.cz\/cerna-perla-brazilskeho-fotbalu\/","headline":"\u010cern\u00e1 perla brazilsk\u00e9ho fotbalu","url":"https:\/\/www.marbi.cz\/cerna-perla-brazilskeho-fotbalu\/","datePublished":"2020-01-04","dateModified":"2020-01-04","mainEntityOfPage":"https:\/\/www.marbi.cz\/cerna-perla-brazilskeho-fotbalu\/","author":{"@type":"Person","@id":"https:\/\/www.marbi.cz\/author\/#Person","name":"","url":"https:\/\/www.marbi.cz\/author\/","identifier":1,"image":{"@type":"ImageObject","@id":"https:\/\/secure.gravatar.com\/avatar\/232437c79d6ebbb41eb67b1526ce0bc08ee5047d6b1594dc05abcc3258d8e0b3?s=96&d=mm&r=g","url":"https:\/\/secure.gravatar.com\/avatar\/232437c79d6ebbb41eb67b1526ce0bc08ee5047d6b1594dc05abcc3258d8e0b3?s=96&d=mm&r=g","height":96,"width":96}},"publisher":{"@type":"Organization","name":"marbi.cz","logo":{"@type":"ImageObject","@id":"\/logo.png","url":"\/logo.png","width":600,"height":60}},"image":{"@type":"ImageObject","@id":"https:\/\/www.marbi.cz\/wp-content\/uploads\/img_a349011_w2419_t1563721918.jpg","url":"https:\/\/www.marbi.cz\/wp-content\/uploads\/img_a349011_w2419_t1563721918.jpg","height":0,"width":0},"wordCount":4450,"keywords":null},{"@type":"Article","@id":"https:\/\/www.marbi.cz\/krasne-pamatky-v-podobe-fotografii\/","headline":"Kr\u00e1sn\u00e9 pam\u00e1tky v podob\u011b fotografii","url":"https:\/\/www.marbi.cz\/krasne-pamatky-v-podobe-fotografii\/","datePublished":"2019-12-23","dateModified":"2019-12-23","mainEntityOfPage":"https:\/\/www.marbi.cz\/krasne-pamatky-v-podobe-fotografii\/","author":{"@type":"Person","@id":"https:\/\/www.marbi.cz\/author\/#Person","name":"","url":"https:\/\/www.marbi.cz\/author\/","identifier":1,"image":{"@type":"ImageObject","@id":"https:\/\/secure.gravatar.com\/avatar\/232437c79d6ebbb41eb67b1526ce0bc08ee5047d6b1594dc05abcc3258d8e0b3?s=96&d=mm&r=g","url":"https:\/\/secure.gravatar.com\/avatar\/232437c79d6ebbb41eb67b1526ce0bc08ee5047d6b1594dc05abcc3258d8e0b3?s=96&d=mm&r=g","height":96,"width":96}},"publisher":{"@type":"Organization","name":"marbi.cz","logo":{"@type":"ImageObject","@id":"\/logo.png","url":"\/logo.png","width":600,"height":60}},"image":{"@type":"ImageObject","@id":"https:\/\/www.marbi.cz\/wp-content\/uploads\/img_a364573_w4282_t1577287912.jpg","url":"https:\/\/www.marbi.cz\/wp-content\/uploads\/img_a364573_w4282_t1577287912.jpg","height":0,"width":0},"wordCount":519,"keywords":null},{"@type":"Article","@id":"https:\/\/www.marbi.cz\/ochrante-svuj-pozemek\/","headline":"Ochra\u0148te sv\u016fj pozemek","url":"https:\/\/www.marbi.cz\/ochrante-svuj-pozemek\/","datePublished":"2019-12-21","dateModified":"2019-12-21","mainEntityOfPage":"https:\/\/www.marbi.cz\/ochrante-svuj-pozemek\/","author":{"@type":"Person","@id":"https:\/\/www.marbi.cz\/author\/#Person","name":"","url":"https:\/\/www.marbi.cz\/author\/","identifier":1,"image":{"@type":"ImageObject","@id":"https:\/\/secure.gravatar.com\/avatar\/232437c79d6ebbb41eb67b1526ce0bc08ee5047d6b1594dc05abcc3258d8e0b3?s=96&d=mm&r=g","url":"https:\/\/secure.gravatar.com\/avatar\/232437c79d6ebbb41eb67b1526ce0bc08ee5047d6b1594dc05abcc3258d8e0b3?s=96&d=mm&r=g","height":96,"width":96}},"publisher":{"@type":"Organization","name":"marbi.cz","logo":{"@type":"ImageObject","@id":"\/logo.png","url":"\/logo.png","width":600,"height":60}},"image":{"@type":"ImageObject","@id":"https:\/\/www.marbi.cz\/wp-content\/uploads\/img_a368222_w1708_t1580472419.png","url":"https:\/\/www.marbi.cz\/wp-content\/uploads\/img_a368222_w1708_t1580472419.png","height":0,"width":0},"wordCount":539,"keywords":null},{"@type":"Article","@id":"https:\/\/www.marbi.cz\/malovat-muze-uplne-kazdy\/","headline":"Malovat m\u016f\u017ee \u00fapln\u011b ka\u017ed\u00fd!","url":"https:\/\/www.marbi.cz\/malovat-muze-uplne-kazdy\/","datePublished":"2019-11-03","dateModified":"2019-11-03","mainEntityOfPage":"https:\/\/www.marbi.cz\/malovat-muze-uplne-kazdy\/","author":{"@type":"Person","@id":"https:\/\/www.marbi.cz\/author\/#Person","name":"","url":"https:\/\/www.marbi.cz\/author\/","identifier":1,"image":{"@type":"ImageObject","@id":"https:\/\/secure.gravatar.com\/avatar\/232437c79d6ebbb41eb67b1526ce0bc08ee5047d6b1594dc05abcc3258d8e0b3?s=96&d=mm&r=g","url":"https:\/\/secure.gravatar.com\/avatar\/232437c79d6ebbb41eb67b1526ce0bc08ee5047d6b1594dc05abcc3258d8e0b3?s=96&d=mm&r=g","height":96,"width":96}},"publisher":{"@type":"Organization","name":"marbi.cz","logo":{"@type":"ImageObject","@id":"\/logo.png","url":"\/logo.png","width":600,"height":60}},"image":{"@type":"ImageObject","@id":"https:\/\/www.marbi.cz\/wp-content\/uploads\/img_a373981_w1712_t1585315141.jpg","url":"https:\/\/www.marbi.cz\/wp-content\/uploads\/img_a373981_w1712_t1585315141.jpg","height":0,"width":0},"wordCount":605,"keywords":null}]},{"@context":"https:\/\/schema.org","@type":"WebSite","@id":"https:\/\/www.marbi.cz\/#website","name":"Marbi","url":"https:\/\/www.marbi.cz","potentialAction":{"@type":"SearchAction","target":"https:\/\/www.marbi.cz\/?s={search_term_string}","query-input":"required name=search_term_string"}}]