[{"@context":"https:\/\/schema.org\/","@type":"Blog","@id":"https:\/\/www.marbi.cz#Blog","headline":"Marbi","description":"\nJestli hled\u00e1te web, na kter\u00e9m se v\u00e1m nab\u00edz\u00ed jen to nejlep\u0161\u00ed, a navrch za ceny co nejv\u00fdhodn\u011bj\u0161\u00ed, u\u017e v\u00edce nehledejte a rovnou zami\u0159te na n\u00e1\u0161 web.","url":"https:\/\/www.marbi.cz","hasPart":[{"@type":"Article","@id":"https:\/\/www.marbi.cz\/nezli-podprsenku-tak-radeji-booby-tape\/","headline":"Ne\u017eli podprsenku, tak rad\u011bji booby tape","url":"https:\/\/www.marbi.cz\/nezli-podprsenku-tak-radeji-booby-tape\/","datePublished":"2024-10-18","dateModified":"2024-10-18","mainEntityOfPage":"https:\/\/www.marbi.cz\/nezli-podprsenku-tak-radeji-booby-tape\/","author":{"@type":"Person","@id":"https:\/\/www.marbi.cz\/author\/#Person","name":"","url":"https:\/\/www.marbi.cz\/author\/","identifier":1,"image":{"@type":"ImageObject","@id":"https:\/\/secure.gravatar.com\/avatar\/232437c79d6ebbb41eb67b1526ce0bc08ee5047d6b1594dc05abcc3258d8e0b3?s=96&d=mm&r=g","url":"https:\/\/secure.gravatar.com\/avatar\/232437c79d6ebbb41eb67b1526ce0bc08ee5047d6b1594dc05abcc3258d8e0b3?s=96&d=mm&r=g","height":96,"width":96}},"publisher":{"@type":"Organization","name":"marbi.cz","logo":{"@type":"ImageObject","@id":"\/logo.png","url":"\/logo.png","width":600,"height":60}},"image":{"@type":"ImageObject","@id":"https:\/\/www.marbi.cz\/wp-content\/uploads\/woman-4759833_640_7.jpg","url":"https:\/\/www.marbi.cz\/wp-content\/uploads\/woman-4759833_640_7.jpg","height":0,"width":0},"wordCount":643,"keywords":null},{"@type":"Article","@id":"https:\/\/www.marbi.cz\/v-saune-je-dobre\/","headline":"V saun\u011b je dob\u0159e","url":"https:\/\/www.marbi.cz\/v-saune-je-dobre\/","datePublished":"2024-10-12","dateModified":"2024-10-12","mainEntityOfPage":"https:\/\/www.marbi.cz\/v-saune-je-dobre\/","author":{"@type":"Person","@id":"https:\/\/www.marbi.cz\/author\/#Person","name":"","url":"https:\/\/www.marbi.cz\/author\/","identifier":1,"image":{"@type":"ImageObject","@id":"https:\/\/secure.gravatar.com\/avatar\/232437c79d6ebbb41eb67b1526ce0bc08ee5047d6b1594dc05abcc3258d8e0b3?s=96&d=mm&r=g","url":"https:\/\/secure.gravatar.com\/avatar\/232437c79d6ebbb41eb67b1526ce0bc08ee5047d6b1594dc05abcc3258d8e0b3?s=96&d=mm&r=g","height":96,"width":96}},"publisher":{"@type":"Organization","name":"marbi.cz","logo":{"@type":"ImageObject","@id":"\/logo.png","url":"\/logo.png","width":600,"height":60}},"image":{"@type":"ImageObject","@id":"https:\/\/www.marbi.cz\/wp-content\/uploads\/woman-936549_640_10_5.jpg","url":"https:\/\/www.marbi.cz\/wp-content\/uploads\/woman-936549_640_10_5.jpg","height":0,"width":0},"wordCount":621,"keywords":null},{"@type":"Article","@id":"https:\/\/www.marbi.cz\/proc-si-nekteri-lide-stale-mysli-ze-zeme-je-placata\/","headline":"Pro\u010d si n\u011bkte\u0159\u00ed lid\u00e9 st\u00e1le mysl\u00ed, \u017ee Zem\u011b je placat\u00e1","url":"https:\/\/www.marbi.cz\/proc-si-nekteri-lide-stale-mysli-ze-zeme-je-placata\/","datePublished":"2024-09-23","dateModified":"2024-09-23","mainEntityOfPage":"https:\/\/www.marbi.cz\/proc-si-nekteri-lide-stale-mysli-ze-zeme-je-placata\/","author":{"@type":"Person","@id":"https:\/\/www.marbi.cz\/author\/#Person","name":"","url":"https:\/\/www.marbi.cz\/author\/","identifier":1,"image":{"@type":"ImageObject","@id":"https:\/\/secure.gravatar.com\/avatar\/232437c79d6ebbb41eb67b1526ce0bc08ee5047d6b1594dc05abcc3258d8e0b3?s=96&d=mm&r=g","url":"https:\/\/secure.gravatar.com\/avatar\/232437c79d6ebbb41eb67b1526ce0bc08ee5047d6b1594dc05abcc3258d8e0b3?s=96&d=mm&r=g","height":96,"width":96}},"publisher":{"@type":"Organization","name":"marbi.cz","logo":{"@type":"ImageObject","@id":"\/logo.png","url":"\/logo.png","width":600,"height":60}},"image":{"@type":"ImageObject","@id":"https:\/\/www.marbi.cz\/wp-content\/uploads\/zemedelstvi2_9.jpg","url":"https:\/\/www.marbi.cz\/wp-content\/uploads\/zemedelstvi2_9.jpg","height":0,"width":0},"wordCount":552,"keywords":null},{"@type":"Article","@id":"https:\/\/www.marbi.cz\/zena-jako-zpovednice\/","headline":"\u017dena jako zpov\u011bdnice","url":"https:\/\/www.marbi.cz\/zena-jako-zpovednice\/","datePublished":"2024-08-28","dateModified":"2024-08-28","mainEntityOfPage":"https:\/\/www.marbi.cz\/zena-jako-zpovednice\/","author":{"@type":"Person","@id":"https:\/\/www.marbi.cz\/author\/#Person","name":"","url":"https:\/\/www.marbi.cz\/author\/","identifier":1,"image":{"@type":"ImageObject","@id":"https:\/\/secure.gravatar.com\/avatar\/232437c79d6ebbb41eb67b1526ce0bc08ee5047d6b1594dc05abcc3258d8e0b3?s=96&d=mm&r=g","url":"https:\/\/secure.gravatar.com\/avatar\/232437c79d6ebbb41eb67b1526ce0bc08ee5047d6b1594dc05abcc3258d8e0b3?s=96&d=mm&r=g","height":96,"width":96}},"publisher":{"@type":"Organization","name":"marbi.cz","logo":{"@type":"ImageObject","@id":"\/logo.png","url":"\/logo.png","width":600,"height":60}},"image":{"@type":"ImageObject","@id":"https:\/\/www.marbi.cz\/wp-content\/uploads\/woman-1850703_1280.jpg","url":"https:\/\/www.marbi.cz\/wp-content\/uploads\/woman-1850703_1280.jpg","height":0,"width":0},"wordCount":561,"keywords":null},{"@type":"Article","@id":"https:\/\/www.marbi.cz\/kvetiny-ktere-nevadnou\/","headline":"Kv\u011btiny, kter\u00e9 nevadnou","url":"https:\/\/www.marbi.cz\/kvetiny-ktere-nevadnou\/","datePublished":"2024-06-25","dateModified":"2024-06-25","mainEntityOfPage":"https:\/\/www.marbi.cz\/kvetiny-ktere-nevadnou\/","author":{"@type":"Person","@id":"https:\/\/www.marbi.cz\/author\/#Person","name":"","url":"https:\/\/www.marbi.cz\/author\/","identifier":1,"image":{"@type":"ImageObject","@id":"https:\/\/secure.gravatar.com\/avatar\/232437c79d6ebbb41eb67b1526ce0bc08ee5047d6b1594dc05abcc3258d8e0b3?s=96&d=mm&r=g","url":"https:\/\/secure.gravatar.com\/avatar\/232437c79d6ebbb41eb67b1526ce0bc08ee5047d6b1594dc05abcc3258d8e0b3?s=96&d=mm&r=g","height":96,"width":96}},"publisher":{"@type":"Organization","name":"marbi.cz","logo":{"@type":"ImageObject","@id":"\/logo.png","url":"\/logo.png","width":600,"height":60}},"image":{"@type":"ImageObject","@id":"https:\/\/www.marbi.cz\/wp-content\/uploads\/pexels-katarzyna-modrzejewska-495044-1466434.jpg","url":"https:\/\/www.marbi.cz\/wp-content\/uploads\/pexels-katarzyna-modrzejewska-495044-1466434.jpg","height":0,"width":0},"wordCount":524,"keywords":null},{"@type":"Article","@id":"https:\/\/www.marbi.cz\/co-je-dobre-na-imunitu-vitamin-c\/","headline":"Co je dobr\u00e9 na imunitu? Vitam\u00edn C!","url":"https:\/\/www.marbi.cz\/co-je-dobre-na-imunitu-vitamin-c\/","datePublished":"2024-06-22","dateModified":"2024-06-22","mainEntityOfPage":"https:\/\/www.marbi.cz\/co-je-dobre-na-imunitu-vitamin-c\/","author":{"@type":"Person","@id":"https:\/\/www.marbi.cz\/author\/#Person","name":"","url":"https:\/\/www.marbi.cz\/author\/","identifier":1,"image":{"@type":"ImageObject","@id":"https:\/\/secure.gravatar.com\/avatar\/232437c79d6ebbb41eb67b1526ce0bc08ee5047d6b1594dc05abcc3258d8e0b3?s=96&d=mm&r=g","url":"https:\/\/secure.gravatar.com\/avatar\/232437c79d6ebbb41eb67b1526ce0bc08ee5047d6b1594dc05abcc3258d8e0b3?s=96&d=mm&r=g","height":96,"width":96}},"publisher":{"@type":"Organization","name":"marbi.cz","logo":{"@type":"ImageObject","@id":"\/logo.png","url":"\/logo.png","width":600,"height":60}},"image":{"@type":"ImageObject","@id":"https:\/\/www.marbi.cz\/wp-content\/uploads\/gabrielle-cepella-RRGxWRrQ_8c-unsplash.jpg","url":"https:\/\/www.marbi.cz\/wp-content\/uploads\/gabrielle-cepella-RRGxWRrQ_8c-unsplash.jpg","height":0,"width":0},"wordCount":648,"keywords":null},{"@type":"Article","@id":"https:\/\/www.marbi.cz\/kvetiny-v-dome\/","headline":"Kv\u011btiny v dom\u011b","url":"https:\/\/www.marbi.cz\/kvetiny-v-dome\/","datePublished":"2024-05-27","dateModified":"2024-05-27","mainEntityOfPage":"https:\/\/www.marbi.cz\/kvetiny-v-dome\/","author":{"@type":"Person","@id":"https:\/\/www.marbi.cz\/author\/#Person","name":"","url":"https:\/\/www.marbi.cz\/author\/","identifier":1,"image":{"@type":"ImageObject","@id":"https:\/\/secure.gravatar.com\/avatar\/232437c79d6ebbb41eb67b1526ce0bc08ee5047d6b1594dc05abcc3258d8e0b3?s=96&d=mm&r=g","url":"https:\/\/secure.gravatar.com\/avatar\/232437c79d6ebbb41eb67b1526ce0bc08ee5047d6b1594dc05abcc3258d8e0b3?s=96&d=mm&r=g","height":96,"width":96}},"publisher":{"@type":"Organization","name":"marbi.cz","logo":{"@type":"ImageObject","@id":"\/logo.png","url":"\/logo.png","width":600,"height":60}},"image":{"@type":"ImageObject","@id":"https:\/\/www.marbi.cz\/wp-content\/uploads\/um%C4%9Bl%C3%A9%20kv%C4%9Btiny_3.jpg","url":"https:\/\/www.marbi.cz\/wp-content\/uploads\/um%C4%9Bl%C3%A9%20kv%C4%9Btiny_3.jpg","height":0,"width":0},"wordCount":557,"keywords":null},{"@type":"Article","@id":"https:\/\/www.marbi.cz\/kvalitni-obleceni-ve-vasi-prodejne\/","headline":"Kvalitn\u00ed oble\u010den\u00ed ve va\u0161\u00ed prodejn\u011b","url":"https:\/\/www.marbi.cz\/kvalitni-obleceni-ve-vasi-prodejne\/","datePublished":"2024-04-29","dateModified":"2024-04-29","mainEntityOfPage":"https:\/\/www.marbi.cz\/kvalitni-obleceni-ve-vasi-prodejne\/","author":{"@type":"Person","@id":"https:\/\/www.marbi.cz\/author\/#Person","name":"","url":"https:\/\/www.marbi.cz\/author\/","identifier":1,"image":{"@type":"ImageObject","@id":"https:\/\/secure.gravatar.com\/avatar\/232437c79d6ebbb41eb67b1526ce0bc08ee5047d6b1594dc05abcc3258d8e0b3?s=96&d=mm&r=g","url":"https:\/\/secure.gravatar.com\/avatar\/232437c79d6ebbb41eb67b1526ce0bc08ee5047d6b1594dc05abcc3258d8e0b3?s=96&d=mm&r=g","height":96,"width":96}},"publisher":{"@type":"Organization","name":"marbi.cz","logo":{"@type":"ImageObject","@id":"\/logo.png","url":"\/logo.png","width":600,"height":60}},"image":null,"wordCount":265,"keywords":null},{"@type":"Article","@id":"https:\/\/www.marbi.cz\/vazit-si-veci\/","headline":"V\u00e1\u017eit si v\u011bc\u00ed.","url":"https:\/\/www.marbi.cz\/vazit-si-veci\/","datePublished":"2024-04-27","dateModified":"2024-06-11","mainEntityOfPage":"https:\/\/www.marbi.cz\/vazit-si-veci\/","author":{"@type":"Person","@id":"https:\/\/www.marbi.cz\/author\/#Person","name":"","url":"https:\/\/www.marbi.cz\/author\/","identifier":1,"image":{"@type":"ImageObject","@id":"https:\/\/secure.gravatar.com\/avatar\/232437c79d6ebbb41eb67b1526ce0bc08ee5047d6b1594dc05abcc3258d8e0b3?s=96&d=mm&r=g","url":"https:\/\/secure.gravatar.com\/avatar\/232437c79d6ebbb41eb67b1526ce0bc08ee5047d6b1594dc05abcc3258d8e0b3?s=96&d=mm&r=g","height":96,"width":96}},"publisher":{"@type":"Organization","name":"marbi.cz","logo":{"@type":"ImageObject","@id":"\/logo.png","url":"\/logo.png","width":600,"height":60}},"image":{"@type":"ImageObject","@id":"https:\/\/www.marbi.cz\/wp-content\/uploads\/property-7046997_640_8.jpg","url":"https:\/\/www.marbi.cz\/wp-content\/uploads\/property-7046997_640_8.jpg","height":0,"width":0},"wordCount":603,"keywords":null},{"@type":"Article","@id":"https:\/\/www.marbi.cz\/skvela-nahrada-za-stare-vypinace\/","headline":"Skv\u011bl\u00e1 n\u00e1hrada za star\u00e9 vyp\u00edna\u010de","url":"https:\/\/www.marbi.cz\/skvela-nahrada-za-stare-vypinace\/","datePublished":"2024-04-22","dateModified":"2024-04-22","mainEntityOfPage":"https:\/\/www.marbi.cz\/skvela-nahrada-za-stare-vypinace\/","author":{"@type":"Person","@id":"https:\/\/www.marbi.cz\/author\/#Person","name":"","url":"https:\/\/www.marbi.cz\/author\/","identifier":1,"image":{"@type":"ImageObject","@id":"https:\/\/secure.gravatar.com\/avatar\/232437c79d6ebbb41eb67b1526ce0bc08ee5047d6b1594dc05abcc3258d8e0b3?s=96&d=mm&r=g","url":"https:\/\/secure.gravatar.com\/avatar\/232437c79d6ebbb41eb67b1526ce0bc08ee5047d6b1594dc05abcc3258d8e0b3?s=96&d=mm&r=g","height":96,"width":96}},"publisher":{"@type":"Organization","name":"marbi.cz","logo":{"@type":"ImageObject","@id":"\/logo.png","url":"\/logo.png","width":600,"height":60}},"image":null,"wordCount":283,"keywords":null}]},{"@context":"https:\/\/schema.org","@type":"WebSite","@id":"https:\/\/www.marbi.cz\/#website","name":"Marbi","url":"https:\/\/www.marbi.cz","potentialAction":{"@type":"SearchAction","target":"https:\/\/www.marbi.cz\/?s={search_term_string}","query-input":"required name=search_term_string"}}]