[{"@context":"https:\/\/schema.org\/","@type":"Blog","@id":"https:\/\/www.marbi.cz#Blog","headline":"Marbi","description":"\nJestli hled\u00e1te web, na kter\u00e9m se v\u00e1m nab\u00edz\u00ed jen to nejlep\u0161\u00ed, a navrch za ceny co nejv\u00fdhodn\u011bj\u0161\u00ed, u\u017e v\u00edce nehledejte a rovnou zami\u0159te na n\u00e1\u0161 web.","url":"https:\/\/www.marbi.cz","hasPart":[{"@type":"Article","@id":"https:\/\/www.marbi.cz\/mzdy-jsou-v-praci-dulezite\/","headline":"Mzdy jsou v pr\u00e1ci d\u016fle\u017eit\u00e9","url":"https:\/\/www.marbi.cz\/mzdy-jsou-v-praci-dulezite\/","datePublished":"2024-04-13","dateModified":"2024-05-13","mainEntityOfPage":"https:\/\/www.marbi.cz\/mzdy-jsou-v-praci-dulezite\/","author":{"@type":"Person","@id":"https:\/\/www.marbi.cz\/author\/#Person","name":"","url":"https:\/\/www.marbi.cz\/author\/","identifier":1,"image":{"@type":"ImageObject","@id":"https:\/\/secure.gravatar.com\/avatar\/232437c79d6ebbb41eb67b1526ce0bc08ee5047d6b1594dc05abcc3258d8e0b3?s=96&d=mm&r=g","url":"https:\/\/secure.gravatar.com\/avatar\/232437c79d6ebbb41eb67b1526ce0bc08ee5047d6b1594dc05abcc3258d8e0b3?s=96&d=mm&r=g","height":96,"width":96}},"publisher":{"@type":"Organization","name":"marbi.cz","logo":{"@type":"ImageObject","@id":"\/logo.png","url":"\/logo.png","width":600,"height":60}},"image":{"@type":"ImageObject","@id":"https:\/\/www.marbi.cz\/wp-content\/uploads\/fffff_10_10_4.jpg","url":"https:\/\/www.marbi.cz\/wp-content\/uploads\/fffff_10_10_4.jpg","height":0,"width":0},"wordCount":592,"keywords":null},{"@type":"Article","@id":"https:\/\/www.marbi.cz\/planovani-svatby-od-a-do-z\/","headline":"Pl\u00e1nov\u00e1n\u00ed svatby od A do Z","url":"https:\/\/www.marbi.cz\/planovani-svatby-od-a-do-z\/","datePublished":"2024-04-13","dateModified":"2024-05-13","mainEntityOfPage":"https:\/\/www.marbi.cz\/planovani-svatby-od-a-do-z\/","author":{"@type":"Person","@id":"https:\/\/www.marbi.cz\/author\/#Person","name":"","url":"https:\/\/www.marbi.cz\/author\/","identifier":1,"image":{"@type":"ImageObject","@id":"https:\/\/secure.gravatar.com\/avatar\/232437c79d6ebbb41eb67b1526ce0bc08ee5047d6b1594dc05abcc3258d8e0b3?s=96&d=mm&r=g","url":"https:\/\/secure.gravatar.com\/avatar\/232437c79d6ebbb41eb67b1526ce0bc08ee5047d6b1594dc05abcc3258d8e0b3?s=96&d=mm&r=g","height":96,"width":96}},"publisher":{"@type":"Organization","name":"marbi.cz","logo":{"@type":"ImageObject","@id":"\/logo.png","url":"\/logo.png","width":600,"height":60}},"image":{"@type":"ImageObject","@id":"https:\/\/www.marbi.cz\/wp-content\/uploads\/pexels-reneasmussen-13788569.jpg","url":"https:\/\/www.marbi.cz\/wp-content\/uploads\/pexels-reneasmussen-13788569.jpg","height":0,"width":0},"wordCount":546,"keywords":null},{"@type":"Article","@id":"https:\/\/www.marbi.cz\/vymente-plastovou-lepici-pasku-za-ekologickou\/","headline":"Vym\u011b\u0148te plastovou lepic\u00ed p\u00e1sku za ekologickou","url":"https:\/\/www.marbi.cz\/vymente-plastovou-lepici-pasku-za-ekologickou\/","datePublished":"2024-04-13","dateModified":"2024-05-13","mainEntityOfPage":"https:\/\/www.marbi.cz\/vymente-plastovou-lepici-pasku-za-ekologickou\/","author":{"@type":"Person","@id":"https:\/\/www.marbi.cz\/author\/#Person","name":"","url":"https:\/\/www.marbi.cz\/author\/","identifier":1,"image":{"@type":"ImageObject","@id":"https:\/\/secure.gravatar.com\/avatar\/232437c79d6ebbb41eb67b1526ce0bc08ee5047d6b1594dc05abcc3258d8e0b3?s=96&d=mm&r=g","url":"https:\/\/secure.gravatar.com\/avatar\/232437c79d6ebbb41eb67b1526ce0bc08ee5047d6b1594dc05abcc3258d8e0b3?s=96&d=mm&r=g","height":96,"width":96}},"publisher":{"@type":"Organization","name":"marbi.cz","logo":{"@type":"ImageObject","@id":"\/logo.png","url":"\/logo.png","width":600,"height":60}},"image":{"@type":"ImageObject","@id":"https:\/\/www.marbi.cz\/wp-content\/uploads\/scissors-1986599_640_10_5.jpg","url":"https:\/\/www.marbi.cz\/wp-content\/uploads\/scissors-1986599_640_10_5.jpg","height":0,"width":0},"wordCount":591,"keywords":null},{"@type":"Article","@id":"https:\/\/www.marbi.cz\/kouzlo-vychodniho-sveta\/","headline":"Kouzlo v\u00fdchodn\u00edho sv\u011bta","url":"https:\/\/www.marbi.cz\/kouzlo-vychodniho-sveta\/","datePublished":"2024-04-12","dateModified":"2024-04-12","mainEntityOfPage":"https:\/\/www.marbi.cz\/kouzlo-vychodniho-sveta\/","author":{"@type":"Person","@id":"https:\/\/www.marbi.cz\/author\/#Person","name":"","url":"https:\/\/www.marbi.cz\/author\/","identifier":1,"image":{"@type":"ImageObject","@id":"https:\/\/secure.gravatar.com\/avatar\/232437c79d6ebbb41eb67b1526ce0bc08ee5047d6b1594dc05abcc3258d8e0b3?s=96&d=mm&r=g","url":"https:\/\/secure.gravatar.com\/avatar\/232437c79d6ebbb41eb67b1526ce0bc08ee5047d6b1594dc05abcc3258d8e0b3?s=96&d=mm&r=g","height":96,"width":96}},"publisher":{"@type":"Organization","name":"marbi.cz","logo":{"@type":"ImageObject","@id":"\/logo.png","url":"\/logo.png","width":600,"height":60}},"image":null,"wordCount":295,"keywords":null},{"@type":"Article","@id":"https:\/\/www.marbi.cz\/brnenska-elektrarna\/","headline":"Brn\u011bnsk\u00e1 elektr\u00e1rna","url":"https:\/\/www.marbi.cz\/brnenska-elektrarna\/","datePublished":"2024-04-09","dateModified":"2024-04-10","mainEntityOfPage":"https:\/\/www.marbi.cz\/brnenska-elektrarna\/","author":{"@type":"Person","@id":"https:\/\/www.marbi.cz\/author\/#Person","name":"","url":"https:\/\/www.marbi.cz\/author\/","identifier":1,"image":{"@type":"ImageObject","@id":"https:\/\/secure.gravatar.com\/avatar\/232437c79d6ebbb41eb67b1526ce0bc08ee5047d6b1594dc05abcc3258d8e0b3?s=96&d=mm&r=g","url":"https:\/\/secure.gravatar.com\/avatar\/232437c79d6ebbb41eb67b1526ce0bc08ee5047d6b1594dc05abcc3258d8e0b3?s=96&d=mm&r=g","height":96,"width":96}},"publisher":{"@type":"Organization","name":"marbi.cz","logo":{"@type":"ImageObject","@id":"\/logo.png","url":"\/logo.png","width":600,"height":60}},"image":{"@type":"ImageObject","@id":"https:\/\/www.marbi.cz\/wp-content\/uploads\/solar-energy-860204_1280_2.jpg","url":"https:\/\/www.marbi.cz\/wp-content\/uploads\/solar-energy-860204_1280_2.jpg","height":0,"width":0},"wordCount":567,"keywords":null},{"@type":"Article","@id":"https:\/\/www.marbi.cz\/zvyste-vykon-a-silu-sveho-automobilu-jeste-dnes\/","headline":"Zvy\u0161te v\u00fdkon a s\u00edlu sv\u00e9ho automobilu je\u0161t\u011b dnes!","url":"https:\/\/www.marbi.cz\/zvyste-vykon-a-silu-sveho-automobilu-jeste-dnes\/","datePublished":"2024-04-07","dateModified":"2024-04-07","mainEntityOfPage":"https:\/\/www.marbi.cz\/zvyste-vykon-a-silu-sveho-automobilu-jeste-dnes\/","author":{"@type":"Person","@id":"https:\/\/www.marbi.cz\/author\/#Person","name":"","url":"https:\/\/www.marbi.cz\/author\/","identifier":1,"image":{"@type":"ImageObject","@id":"https:\/\/secure.gravatar.com\/avatar\/232437c79d6ebbb41eb67b1526ce0bc08ee5047d6b1594dc05abcc3258d8e0b3?s=96&d=mm&r=g","url":"https:\/\/secure.gravatar.com\/avatar\/232437c79d6ebbb41eb67b1526ce0bc08ee5047d6b1594dc05abcc3258d8e0b3?s=96&d=mm&r=g","height":96,"width":96}},"publisher":{"@type":"Organization","name":"marbi.cz","logo":{"@type":"ImageObject","@id":"\/logo.png","url":"\/logo.png","width":600,"height":60}},"image":null,"wordCount":266,"keywords":null},{"@type":"Article","@id":"https:\/\/www.marbi.cz\/postele-160x200cm-k-vasim-sluzbam\/","headline":"Postele 160x200cm k Va\u0161im slu\u017eb\u00e1m","url":"https:\/\/www.marbi.cz\/postele-160x200cm-k-vasim-sluzbam\/","datePublished":"2024-03-31","dateModified":"2024-03-31","mainEntityOfPage":"https:\/\/www.marbi.cz\/postele-160x200cm-k-vasim-sluzbam\/","author":{"@type":"Person","@id":"https:\/\/www.marbi.cz\/author\/#Person","name":"","url":"https:\/\/www.marbi.cz\/author\/","identifier":1,"image":{"@type":"ImageObject","@id":"https:\/\/secure.gravatar.com\/avatar\/232437c79d6ebbb41eb67b1526ce0bc08ee5047d6b1594dc05abcc3258d8e0b3?s=96&d=mm&r=g","url":"https:\/\/secure.gravatar.com\/avatar\/232437c79d6ebbb41eb67b1526ce0bc08ee5047d6b1594dc05abcc3258d8e0b3?s=96&d=mm&r=g","height":96,"width":96}},"publisher":{"@type":"Organization","name":"marbi.cz","logo":{"@type":"ImageObject","@id":"\/logo.png","url":"\/logo.png","width":600,"height":60}},"image":null,"wordCount":310,"keywords":null},{"@type":"Article","@id":"https:\/\/www.marbi.cz\/problemy-a-panove\/","headline":"Probl\u00e9my a p\u00e1nov\u00e9","url":"https:\/\/www.marbi.cz\/problemy-a-panove\/","datePublished":"2024-03-29","dateModified":"2024-05-29","mainEntityOfPage":"https:\/\/www.marbi.cz\/problemy-a-panove\/","author":{"@type":"Person","@id":"https:\/\/www.marbi.cz\/author\/#Person","name":"","url":"https:\/\/www.marbi.cz\/author\/","identifier":1,"image":{"@type":"ImageObject","@id":"https:\/\/secure.gravatar.com\/avatar\/232437c79d6ebbb41eb67b1526ce0bc08ee5047d6b1594dc05abcc3258d8e0b3?s=96&d=mm&r=g","url":"https:\/\/secure.gravatar.com\/avatar\/232437c79d6ebbb41eb67b1526ce0bc08ee5047d6b1594dc05abcc3258d8e0b3?s=96&d=mm&r=g","height":96,"width":96}},"publisher":{"@type":"Organization","name":"marbi.cz","logo":{"@type":"ImageObject","@id":"\/logo.png","url":"\/logo.png","width":600,"height":60}},"image":{"@type":"ImageObject","@id":"https:\/\/www.marbi.cz\/wp-content\/uploads\/marines-4547351_1280_1.jpg","url":"https:\/\/www.marbi.cz\/wp-content\/uploads\/marines-4547351_1280_1.jpg","height":0,"width":0},"wordCount":586,"keywords":null},{"@type":"Article","@id":"https:\/\/www.marbi.cz\/vsadte-na-odborniky-kteri-se-o-vse-postaraji\/","headline":"Vsa\u010fte na odborn\u00edky, kte\u0159\u00ed se o v\u0161e postaraj\u00ed","url":"https:\/\/www.marbi.cz\/vsadte-na-odborniky-kteri-se-o-vse-postaraji\/","datePublished":"2024-03-28","dateModified":"2024-03-28","mainEntityOfPage":"https:\/\/www.marbi.cz\/vsadte-na-odborniky-kteri-se-o-vse-postaraji\/","author":{"@type":"Person","@id":"https:\/\/www.marbi.cz\/author\/#Person","name":"","url":"https:\/\/www.marbi.cz\/author\/","identifier":1,"image":{"@type":"ImageObject","@id":"https:\/\/secure.gravatar.com\/avatar\/232437c79d6ebbb41eb67b1526ce0bc08ee5047d6b1594dc05abcc3258d8e0b3?s=96&d=mm&r=g","url":"https:\/\/secure.gravatar.com\/avatar\/232437c79d6ebbb41eb67b1526ce0bc08ee5047d6b1594dc05abcc3258d8e0b3?s=96&d=mm&r=g","height":96,"width":96}},"publisher":{"@type":"Organization","name":"marbi.cz","logo":{"@type":"ImageObject","@id":"\/logo.png","url":"\/logo.png","width":600,"height":60}},"image":null,"wordCount":289,"keywords":null},{"@type":"Article","@id":"https:\/\/www.marbi.cz\/jake-jsou-reklamni-predmety\/","headline":"Jak\u00e9 jsou reklamn\u00ed p\u0159edm\u011bty?","url":"https:\/\/www.marbi.cz\/jake-jsou-reklamni-predmety\/","datePublished":"2024-03-16","dateModified":"2024-04-16","mainEntityOfPage":"https:\/\/www.marbi.cz\/jake-jsou-reklamni-predmety\/","author":{"@type":"Person","@id":"https:\/\/www.marbi.cz\/author\/#Person","name":"","url":"https:\/\/www.marbi.cz\/author\/","identifier":1,"image":{"@type":"ImageObject","@id":"https:\/\/secure.gravatar.com\/avatar\/232437c79d6ebbb41eb67b1526ce0bc08ee5047d6b1594dc05abcc3258d8e0b3?s=96&d=mm&r=g","url":"https:\/\/secure.gravatar.com\/avatar\/232437c79d6ebbb41eb67b1526ce0bc08ee5047d6b1594dc05abcc3258d8e0b3?s=96&d=mm&r=g","height":96,"width":96}},"publisher":{"@type":"Organization","name":"marbi.cz","logo":{"@type":"ImageObject","@id":"\/logo.png","url":"\/logo.png","width":600,"height":60}},"image":{"@type":"ImageObject","@id":"https:\/\/www.marbi.cz\/wp-content\/uploads\/ai-generated-8601779_640.jpg","url":"https:\/\/www.marbi.cz\/wp-content\/uploads\/ai-generated-8601779_640.jpg","height":0,"width":0},"wordCount":538,"keywords":null}]},{"@context":"https:\/\/schema.org","@type":"WebSite","@id":"https:\/\/www.marbi.cz\/#website","name":"Marbi","url":"https:\/\/www.marbi.cz","potentialAction":{"@type":"SearchAction","target":"https:\/\/www.marbi.cz\/?s={search_term_string}","query-input":"required name=search_term_string"}}]