[{"@context":"https:\/\/schema.org\/","@type":"Article","@id":"https:\/\/www.marbi.cz\/pronajem-minibusu\/#Article","mainEntityOfPage":"https:\/\/www.marbi.cz\/pronajem-minibusu\/","headline":"Pron\u00e1jem minibusu","name":"Pron\u00e1jem minibusu","description":"Na dovolenou by m\u011bl ka\u017ed\u00fdm rokem vyrazit ten, kdo cel\u00fd rok pracuje. A\u010dkoliv se to nezd\u00e1, tak dovolen\u00e1 pat\u0159\u00ed k odpo\u010dinku a ka\u017ed\u00fd by tak m\u011bl vyu\u017e\u00edt tento \u010das k relaxaci. Dovolen\u00e1 je od toho, aby ka\u017ed\u00fd vysadil, p\u0159estal myslet na pr\u00e1ci a vyrazil na nov\u00e9 m\u00edsta, kter\u00e9 nikdy nevid\u011bl....","datePublished":"2023-12-26","dateModified":"2024-01-29","author":{"@type":"Person","@id":"https:\/\/www.marbi.cz\/author\/#Person","name":"","url":"https:\/\/www.marbi.cz\/author\/","identifier":1,"image":{"@type":"ImageObject","@id":"https:\/\/secure.gravatar.com\/avatar\/232437c79d6ebbb41eb67b1526ce0bc08ee5047d6b1594dc05abcc3258d8e0b3?s=96&d=mm&r=g","url":"https:\/\/secure.gravatar.com\/avatar\/232437c79d6ebbb41eb67b1526ce0bc08ee5047d6b1594dc05abcc3258d8e0b3?s=96&d=mm&r=g","height":96,"width":96}},"publisher":{"@type":"Organization","name":"marbi.cz","logo":{"@type":"ImageObject","@id":"\/logo.png","url":"\/logo.png","width":600,"height":60}},"image":{"@type":"ImageObject","@id":"https:\/\/www.marbi.cz\/wp-content\/uploads\/car-3668196_640_3.jpg","url":"https:\/\/www.marbi.cz\/wp-content\/uploads\/car-3668196_640_3.jpg","height":0,"width":0},"url":"https:\/\/www.marbi.cz\/pronajem-minibusu\/","about":["Byznys"],"wordCount":398,"articleBody":"      Na dovolenou by m\u011bl ka\u017ed\u00fdm rokem vyrazit ten, kdo cel\u00fd rok pracuje. A\u010dkoliv se to nezd\u00e1, tak dovolen\u00e1 pat\u0159\u00ed k odpo\u010dinku a ka\u017ed\u00fd by tak m\u011bl vyu\u017e\u00edt tento \u010das k relaxaci. Dovolen\u00e1 je od toho, aby ka\u017ed\u00fd vysadil, p\u0159estal myslet na pr\u00e1ci a vyrazil na nov\u00e9 m\u00edsta, kter\u00e9 nikdy nevid\u011bl. Pr\u00e1v\u011b dovolen\u00e1 by m\u011bla b\u00fdt tr\u00e1ven\u00e1 s rodinou a p\u0159\u00e1teli. Mnoho lid\u00ed si sice dovolenou neodpo\u010dne fyzicky, ale za to psychicky jste jako vym\u011bn\u011bn\u00ed. Pokud chcete u\u017e del\u0161\u00ed \u010das vyrazit s rodinou od soused\u016f na dovolenou a chcete jet jedn\u00edm vozem, tak zvolte pron\u00e1jem minibusu. Ten v\u00e1m poskytne dostatek m\u00edsto pro dv\u011b rodiny a tak\u00e9 dostatek \u00falo\u017en\u00e9ho prostoru, kam d\u00e1te v\u0161echny sv\u00e9 v\u011bci.P\u016fj\u010dovna aut Praha https:\/\/autopujcovna-milan.cz\/, V\u00e1m nab\u00eddne pron\u00e1jem minibus\u016f, se kter\u00fdm m\u016f\u017eete vyrazit na svoj\u00ed dovolenou. Krom\u011b minibus\u016f zde najdete i osobn\u00ed vozy nejr\u016fzn\u011bj\u0161\u00edch zna\u010dek. Ov\u0161em minibus, je to prav\u00e9 pro va\u0161\u00ed dovolenou. Tyto stylov\u00e9 vozy jsou p\u0159ed j\u00edzdou kontrolov\u00e1ny a jsou tak v\u017edy p\u0159ipraven\u00e9 pro p\u0159\u00edpadn\u00e9ho z\u00e1kazn\u00edka. Firma nab\u00edz\u00ed dva minibusy zna\u010dky  Ford , a to o kapacit\u011b 8+1. Tud\u00ed\u017e, pokud v\u00e1s je dohromady tento po\u010det, tak se m\u016f\u017eete za\u010d\u00edt balit. Cenu za pron\u00e1jem si rozd\u011bl\u00edte na polovi\u010dku a nebudete muset \u0159e\u0161it vlastn\u00ed dopravu. Pot\u00e9, co si minibus p\u016fj\u010d\u00edte m\u016f\u017eete okam\u017eit\u011b vyrazit vst\u0159\u00edc z\u00e1\u017eitk\u016fm. Minibus a osobn\u00ed vozy se p\u016fj\u010duj\u00ed s plnou n\u00e1dr\u017e\u00ed a s pnou n\u00e1dr\u017e\u00ed se tak\u00e9 vrac\u00ed.V\u0161echny vozy jsou v perfektn\u00edm stavu a m\u016f\u017eete s nimi cestovat neomezen\u011b po \u010cesk\u00e9 republice. J\u00edzda do zahrani\u010d\u00ed jde samoz\u0159ejm\u011b tak\u00e9, ale je pot\u0159eba se domluvit s pronaj\u00edmatelem. Velkou v\u00fdhodou je ur\u010dit\u011b d\u00e1lni\u010dn\u00ed zn\u00e1mka pro \u010cR, kterou u\u017e nebudete muset \u0159e\u0161it, proto\u017ee jsou s n\u00ed vybaveny v\u0161echny vozy. Pokud tedy pl\u00e1nujete dovolenou ve v\u00edce lidech, tak zvolte pr\u00e1v\u011b minibus. Poskytne v\u00e1m dostatek m\u00edsta jak pro cestuj\u00edc\u00ed, tak pro zavazadla a nebudete se muset ma\u010dkat v osobn\u00edch vozech.                                                                                                                                                                                                                                                                                                                                                                                          4.7\/5 - (15 votes)        "},{"@context":"https:\/\/schema.org\/","@type":"BreadcrumbList","itemListElement":[{"@type":"ListItem","position":1,"name":"Pron\u00e1jem minibusu","item":"https:\/\/www.marbi.cz\/pronajem-minibusu\/#breadcrumbitem"}]}]