[{"@context":"https:\/\/schema.org\/","@type":"Article","@id":"https:\/\/www.marbi.cz\/sverte-vanocni-uklid-tem-ktere-to-bavi\/#Article","mainEntityOfPage":"https:\/\/www.marbi.cz\/sverte-vanocni-uklid-tem-ktere-to-bavi\/","headline":"Sv\u011b\u0159te v\u00e1no\u010dn\u00ed \u00faklid t\u011bm, kter\u00e9 to bav\u00ed","name":"Sv\u011b\u0159te v\u00e1no\u010dn\u00ed \u00faklid t\u011bm, kter\u00e9 to bav\u00ed","description":"Jak to ud\u011blat, aby to u v\u00e1s doma na V\u00e1noce z\u00e1\u0159ilo \u010distotou, a vy jste si p\u0159itom nestrhli vaz? Jedno \u0159e\u0161en\u00ed by se na\u0161lo, tedy pokud nejste p\u0159\u00edli\u0161 konzervativn\u00ed. V\u017edy\u0165 nikde nen\u00ed ps\u00e1no, \u017ee se v\u00e1no\u010dn\u00edho \u00faklidu zhost\u00edte se ct\u00ed jen v p\u0159\u00edpad\u011b, kdy\u017e v\u0161e provedete sv\u00e9pomoc\u00ed! Dne\u0161n\u00ed doba klade...","datePublished":"2020-02-18","dateModified":"2020-02-18","author":{"@type":"Person","@id":"https:\/\/www.marbi.cz\/author\/#Person","name":"","url":"https:\/\/www.marbi.cz\/author\/","identifier":1,"image":{"@type":"ImageObject","@id":"https:\/\/secure.gravatar.com\/avatar\/232437c79d6ebbb41eb67b1526ce0bc08ee5047d6b1594dc05abcc3258d8e0b3?s=96&d=mm&r=g","url":"https:\/\/secure.gravatar.com\/avatar\/232437c79d6ebbb41eb67b1526ce0bc08ee5047d6b1594dc05abcc3258d8e0b3?s=96&d=mm&r=g","height":96,"width":96}},"publisher":{"@type":"Organization","name":"marbi.cz","logo":{"@type":"ImageObject","@id":"\/logo.png","url":"\/logo.png","width":600,"height":60}},"image":{"@type":"ImageObject","@id":"https:\/\/www.marbi.cz\/wp-content\/uploads\/img_a380201_w3068_t1591700360.jpg","url":"https:\/\/www.marbi.cz\/wp-content\/uploads\/img_a380201_w3068_t1591700360.jpg","height":0,"width":0},"url":"https:\/\/www.marbi.cz\/sverte-vanocni-uklid-tem-ktere-to-bavi\/","about":["Byznys"],"wordCount":404,"articleBody":"   Jak to ud\u011blat, aby  to u v\u00e1s doma na  V\u00e1noce z\u00e1\u0159ilo \u010distotou, a vy jste si p\u0159itom nestrhli vaz? Jedno \u0159e\u0161en\u00ed by se na\u0161lo, tedy pokud nejste p\u0159\u00edli\u0161 konzervativn\u00ed. V\u017edy\u0165 nikde nen\u00ed ps\u00e1no, \u017ee se v\u00e1no\u010dn\u00edho \u00faklidu zhost\u00edte se ct\u00ed jen v p\u0159\u00edpad\u011b, kdy\u017e v\u0161e provedete sv\u00e9pomoc\u00ed! Dne\u0161n\u00ed doba klade na v\u0161echny vysok\u00e9 pracovn\u00ed n\u00e1roky, \u017eeny nevyj\u00edmaje. Ov\u0161em jsou to pr\u00e1v\u011b \u017eeny, kdo chod\u00ed do zam\u011bstn\u00e1n\u00ed, pe\u010duje o d\u011bti, a je\u0161t\u011b k tomu zvl\u00e1d\u00e1 p\u00e9\u010di o celou dom\u00e1cnost. A aby toho nebylo m\u00e1lo, pravideln\u011b n\u011bkolikr\u00e1t do roka se objevuj\u00ed zvl\u00e1\u0161tn\u00ed p\u0159\u00edle\u017eitosti, kter\u00e9 vy\u017eaduj\u00ed je\u0161t\u011b n\u00e1ro\u010dn\u011bj\u0161\u00ed \u00faklid a p\u0159\u00edpravy, ne\u017e obvykle. Jist\u011b by bylo \u0161koda, kdybyste si sv\u00e1tky nem\u011bli u\u017e\u00edt jen proto, \u017ee budete doslova strhan\u00ed kv\u016fli p\u0159edch\u00e1zej\u00edc\u00edmu \u00faklidu. Pr\u00e1v\u011b ti, kte\u0159\u00ed se nejv\u00edce anga\u017euj\u00ed, maj\u00ed n\u00e1rok na plnohodnotn\u00fd odpo\u010dinek. Tak\u017ee to zkuste jednou jinak \u2013 nestresujte se, neukl\u00edzejte, nas\u00e1vejte jedine\u010dnou sv\u00e1te\u010dn\u00ed atmosf\u00e9ru \u2013 a na ten nejv\u011bt\u0161\u00ed \u00faklid si dom\u016f pozv\u011bte prof\u00edky, kte\u0159\u00ed jsou vybaven\u00ed v\u00fdkonnou technikou, jakou vy doma nikdy m\u00edt nebudete. Zkr\u00e1tka zapome\u0148te na pran\u00ed koberc\u016f, na zoufal\u00e9 drhnut\u00ed skvrn na sedac\u00ed souprav\u011b, na c\u00edd\u011bn\u00ed podlah. To v\u0161e mohou za v\u00e1s ud\u011blat odborn\u00edci na slovo vzat\u00ed. Nav\u00edc, i kdybyste si u t\u011bchto prac\u00ed strhli z\u00e1da, stejn\u011b v\u00fdsledek va\u0161\u00ed pr\u00e1ce nebude nikdy tak dokonal\u00fd, jako kdy\u017e se do d\u00edla pust\u00ed oni se svou v\u00fdbavou v podob\u011b nejv\u00fdkonn\u011bj\u0161\u00ed \u010distic\u00edch stroj\u016f na trhu, a s velice \u00fa\u010dinnou, a p\u0159esto maxim\u00e1ln\u011b \u0161etrnou \u00faklidovou chemi\u00ed. Z v\u00fdsledku budete nad\u0161en\u00ed a to v\u00e1s p\u0159esv\u011bd\u010d\u00ed o tom, \u017ee u\u017e nikdy nebudete volit jinak! Jakmile uvid\u00edte, \u017ee va\u0161e star\u00e9, \u0161pinav\u00e9 a pro\u0161lapan\u00e9 koberce z\u00e1\u0159\u00ed novotou, \u017ee va\u0161e seda\u010dka z\u00edskala p\u016fvodn\u00ed \u0161mrnc, a \u017ee po skvrn\u00e1ch na matraci u\u017e nen\u00ed ani pam\u00e1tky, tak budete hned v\u011bd\u011bt, \u017ee pozvat si dom\u016f firmu na \u010di\u0161t\u011bn\u00ed koberc\u016f Praha byla ta nejlep\u0161\u00ed volba, na kterou jste mohli p\u0159ipadnout.                                                                                                                                                                                                                                                                                                                                                                                          4.2\/5 - (11 votes)        "},{"@context":"https:\/\/schema.org\/","@type":"BreadcrumbList","itemListElement":[{"@type":"ListItem","position":1,"name":"Sv\u011b\u0159te v\u00e1no\u010dn\u00ed \u00faklid t\u011bm, kter\u00e9 to bav\u00ed","item":"https:\/\/www.marbi.cz\/sverte-vanocni-uklid-tem-ktere-to-bavi\/#breadcrumbitem"}]}]