[{"@context":"https:\/\/schema.org\/","@type":"Article","@id":"https:\/\/www.marbi.cz\/vymente-sve-bydliste-za-dum-v-chorvatsku\/#Article","mainEntityOfPage":"https:\/\/www.marbi.cz\/vymente-sve-bydliste-za-dum-v-chorvatsku\/","headline":"Vym\u011b\u0148te sv\u00e9 bydli\u0161t\u011b za d\u016fm v Chorvatsku","name":"Vym\u011b\u0148te sv\u00e9 bydli\u0161t\u011b za d\u016fm v Chorvatsku","description":"V\u00edte, pro\u010d se v zim\u011b mnoho lid\u00ed pot\u00fdk\u00e1 s depresemi a \u00fazkostmi? Proto\u017ee v na\u0161em m\u00edrn\u00e9m p\u00e1smu tou dobou p\u0159evl\u00e1d\u00e1 zata\u017een\u00e1 obloha, stromy jsou hol\u00e9, bez list\u00ed, a nav\u00edc je zima. Chlad, nedostatek slune\u010dn\u00edch paprsk\u016f a hol\u00e9 v\u011btve stromov\u00ed vytv\u00e1\u0159\u00ed dojem, jako bychom se pohybovali n\u011bkde v mrtv\u00e9 krajin\u011b. Do...","datePublished":"2023-12-05","dateModified":"2024-02-05","author":{"@type":"Person","@id":"https:\/\/www.marbi.cz\/author\/#Person","name":"","url":"https:\/\/www.marbi.cz\/author\/","identifier":1,"image":{"@type":"ImageObject","@id":"https:\/\/secure.gravatar.com\/avatar\/232437c79d6ebbb41eb67b1526ce0bc08ee5047d6b1594dc05abcc3258d8e0b3?s=96&d=mm&r=g","url":"https:\/\/secure.gravatar.com\/avatar\/232437c79d6ebbb41eb67b1526ce0bc08ee5047d6b1594dc05abcc3258d8e0b3?s=96&d=mm&r=g","height":96,"width":96}},"publisher":{"@type":"Organization","name":"marbi.cz","logo":{"@type":"ImageObject","@id":"\/logo.png","url":"\/logo.png","width":600,"height":60}},"image":{"@type":"ImageObject","@id":"https:\/\/www.marbi.cz\/wp-content\/uploads\/nature-5071381_640.jpg","url":"https:\/\/www.marbi.cz\/wp-content\/uploads\/nature-5071381_640.jpg","height":0,"width":0},"url":"https:\/\/www.marbi.cz\/vymente-sve-bydliste-za-dum-v-chorvatsku\/","about":["Byznys"],"wordCount":438,"articleBody":"   V\u00edte, pro\u010d se v zim\u011b mnoho lid\u00ed pot\u00fdk\u00e1 s depresemi a \u00fazkostmi? Proto\u017ee v na\u0161em m\u00edrn\u00e9m p\u00e1smu tou dobou p\u0159evl\u00e1d\u00e1 zata\u017een\u00e1 obloha, stromy jsou hol\u00e9, bez list\u00ed, a nav\u00edc je zima. Chlad, nedostatek slune\u010dn\u00edch paprsk\u016f a hol\u00e9 v\u011btve stromov\u00ed vytv\u00e1\u0159\u00ed dojem, jako bychom se pohybovali n\u011bkde v mrtv\u00e9 krajin\u011b. Do toho nen\u00ed sly\u0161et ani pta\u010d\u00ed zp\u011bv, pouze tu a tam prol\u00e9tne vrabec nebo s\u00fdkorka, co tu p\u0159ezimuj\u00ed, ale jinak je tamn\u00ed p\u0159\u00edroda ponur\u00e1 a tak\u0159ka bez \u017eivota.Slunce k \u017eivotu pot\u0159ebujeme doslova jako s\u016fl, a trv\u00e1-li p\u0159\u00edli\u0161 dlouho tento stav teplotn\u00edch inverz\u00ed, zamra\u010den\u00e9 oblohy a \u0161ed\u00e9ho nebe, je to n\u011bkdy a\u017e natolik skli\u010duj\u00edc\u00ed, \u017ee to motivuje mnoh\u00e9 z n\u00e1s odcestovat n\u011bkam na jih. A mo\u017en\u00e1 i pr\u00e1v\u011b toto je d\u016fvodem, pro\u010d se ti, co maj\u00ed mo\u017enost, rozhoduj\u00ed o koupi nemovitosti v Chorvatsku na prodej.Chorvatsko je zem\u011b v subtropick\u00e9 oblasti, panuj\u00ed tu odli\u0161n\u00e9 p\u0159\u00edrodn\u00ed jevy i zvyklosti a i kdy\u017e je v zim\u011b pob\u0159e\u017e\u00ed Jadranu sp\u00ed\u0161e opu\u0161t\u011bn\u00e9 a nikdo se v mo\u0159i nekoupe, st\u00e1le je tu zima mnohem m\u00edrn\u011bj\u0161\u00ed a p\u0159\u00edv\u011btiv\u011bj\u0161\u00ed, ne\u017e u n\u00e1s. A jakmile zima za\u010dne odezn\u00edvat, jaro se tu hl\u00e1s\u00ed o slovo mnohem d\u0159\u00edve, a mnohem razantn\u011bji.Bydlet natrvalo pr\u00e1v\u011b v Chorvatsku je snem mnoh\u00fdch z n\u00e1s, a tehdy pak ztr\u00e1c\u00ed smysl sledovat filmy, co pojedn\u00e1vaj\u00ed o turistick\u00fdch z\u00e1\u017eitc\u00edch s cestovn\u00ed kancel\u00e1\u0159\u00ed a lidmi, co se sem dopravuj\u00ed rok co rok autobusem, jak tomu bylo i ve filmu \u201e\u00da\u010dastn\u00edci z\u00e1jezdu\u201c. Odpadaj\u00ed starosti typu dlouh\u00fdch cest z \u010cesk\u00e9 republiky, a mo\u017en\u00e1, \u017ee v\u00e1m na Jadranu nebudou sch\u00e1zet ani na\u0161e pam\u00e1tky a p\u0159\u00edrodn\u00ed kr\u00e1sy, kdy\u017e tu m\u00e1te mo\u0159e na dosah ruky a tamn\u00ed romantiku, co si m\u016f\u017eete dop\u0159\u00e1t prakticky nep\u0159etr\u017eit\u011b.Vyhovovat by v\u00e1m mohla i st\u0159edomo\u0159sk\u00e1 strava, je zdrav\u011bj\u0161\u00ed, ne\u017e ta na\u0161e, obsahuje v\u00edce zeleniny a ovoce, jej\u00ed sou\u010d\u00e1st\u00ed je olivov\u00fd olej, panensk\u00fd, lisovan\u00fd za studena, a ten byste si m\u011bli dop\u0159\u00e1t \u010dast\u011bji. A v\u00edce Slunce nad hlavou, to je tak\u00e9 dostatek vitam\u00ednu D, kter\u00fd lidem v na\u0161\u00ed zemi v mnoha p\u0159\u00edpadech sch\u00e1z\u00ed pr\u00e1v\u011b vzhledem k nedostatku slune\u010dn\u00edho z\u00e1\u0159en\u00ed v zimn\u00edch m\u011bs\u00edc\u00edch.                                                                                                                                                                                                                                                                                                                                                                                          3.7\/5 - (12 votes)        "},{"@context":"https:\/\/schema.org\/","@type":"BreadcrumbList","itemListElement":[{"@type":"ListItem","position":1,"name":"Vym\u011b\u0148te sv\u00e9 bydli\u0161t\u011b za d\u016fm v Chorvatsku","item":"https:\/\/www.marbi.cz\/vymente-sve-bydliste-za-dum-v-chorvatsku\/#breadcrumbitem"}]}]